{"id":3664,"date":"2025-01-17T12:58:46","date_gmt":"2025-01-17T11:58:46","guid":{"rendered":"https:\/\/www.gco.es\/blog\/\/"},"modified":"2025-01-17T13:00:33","modified_gmt":"2025-01-17T12:00:33","slug":"calendari-laboral-2025","status":"publish","type":"post","link":"https:\/\/www.gco.es\/ca\/calendari-laboral-2025\/","title":{"rendered":"CALENDARI LABORAL 2025"},"content":{"rendered":"<p>Ha estat publicat al BOE, aix\u00ed com als respectius Diaris Oficials de les Comunitats Aut\u00f2nomes, el calendari de les festes laborals estatals, auton\u00f2miques i locals corresponents a l&#8217;any 2025. A continuaci\u00f3, adjuntem una relaci\u00f3 dels dies festius d&#8217;algunes localitats que podrien ser del seu inter\u00e8s.<\/p>\n<p>Els recordem la obligatorietat de l&#8217;elaboraci\u00f3 del calendari laboral, que s&#8217;ha d&#8217;exposar en un lloc visible a cada centre de treball.<\/p>\n<p>A l&#8217;hora de confeccionar el calendari laboral de la seva empresa, cal tenir en compte els dies festius, els descansos setmanals i entre jornades, aix\u00ed com altres dies inh\u00e0bils, sense superar en cap cas el nombre m\u00e0xim d&#8217;hores establert en el Conveni Col\u00b7lectiu d&#8217;aplicaci\u00f3.<\/p>\n<p>Tamb\u00e9 cal destacar que alguns Convenis Col\u00b7lectius inclouen com a festiu remunerat el dia de la commemoraci\u00f3 del Sant Patr\u00f3 del gremi corresponent.<\/p>\n<h2>Calendari laboral 2025<\/h2>\n<h3>FESTIUS ESTATALS:<\/h3>\n<ul>\n<li>01 de gener (Cap d\u2019Any). Dimecres<\/li>\n<li>06 de gener (Reis). Dilluns<\/li>\n<li>18 d\u2019abril (Divendres Sant). Divendres<\/li>\n<li>01 de maig (Festa del Treball). Dijous<\/li>\n<li>15 d\u2019agost (L\u2019Assumpci\u00f3). Divendres<\/li>\n<li>01 de novembre (Tots Sants). Dissabte<\/li>\n<li>06 de desembre (Dia de la Constituci\u00f3). Dissabte<\/li>\n<li>08 de desembre (Inmaculada concepci\u00f3) Dilluns<\/li>\n<li>25 de desembre (Nadal). Dijous<\/li>\n<\/ul>\n<h3>FESTIVITATS AUTON\u00d2MIQUES:<\/h3>\n<h4>CATALUNYA:<\/h4>\n<ul>\n<li>21 d\u2019Abril (Dilluns de Pasqua Florida). Dilluns<\/li>\n<li>24 de juny (Sant Joan). Dimarts<\/li>\n<li>11 de setembre (Diada de Catalunya). Dijous<\/li>\n<li>26 de desembre (Sant Esteve). Divendres<\/li>\n<\/ul>\n<h4>COMUNIDAD DE MADRID:<\/h4>\n<ul>\n<li>06 de enero (Epifan\u00eda del Se\u00f1or).<\/li>\n<li>17 de abril (Jueves Santo). Jueves<\/li>\n<li>02 de mayo (Dia de la Comunidad de Madrid). Viernes<\/li>\n<li>25 de julio (Santiago Ap\u00f3stol). Viernes<\/li>\n<\/ul>\n<h4>LA RIOJA:<\/h4>\n<ul>\n<li>06 de enero (Epifan\u00eda del Se\u00f1or). S\u00e1bado<\/li>\n<li>17 de abril (Jueves Santo). Jueves<\/li>\n<li>21 de abril (Lunes de Pascua). Lunes<\/li>\n<li>09 de junio (Lunes posterior al d\u00eda de La Rioja). Lunes<\/li>\n<\/ul>\n<h4>COMUNITAT VALENCIANA:<\/h4>\n<ul>\n<li>06 de gener (Epifan\u00eda del Senyor). Dissabte<\/li>\n<li>19 de mar\u00e7 (Sant Josep). Dijous<\/li>\n<li>21 d\u2019abril (Dilluns de Pasqua). Dilluns<\/li>\n<li>24 de juny (Sant Joan). Dimarts<\/li>\n<li>09 d\u2019octubre (Dia de la Comunitat Valenciana) .Dijous<\/li>\n<\/ul>\n<h4>COMUNITAT DE NAVARRA:<\/h4>\n<ul>\n<li>06 de gener (Epifan\u00eda del Senyor). Dissabte<\/li>\n<li>17 d\u2019abril (Dijous Sant). dijous<\/li>\n<li>21 d\u2019abril (dilluns de pasqua). dilluns<\/li>\n<li>25 de juliol (Santiago ap\u00f2stol). Divendres<\/li>\n<\/ul>\n<h4>A TENIR EN COMPTE<\/h4>\n<ul>\n<li>CATALUNYA. D\u2019entre les 13 festes esmentades, n\u2019hi haur\u00e0 una a triar entre el 6 de gener, el 21 d\u2019abril, el 24 de juny i el 26 de desembre, que tindr\u00e0 car\u00e0cter de recuperable.<\/li>\n<li>COMUNITAT VALENCIANA: La festa del dia 24 de juny t\u00e9 car\u00e0cter recuperable<\/li>\n<\/ul>\n<h3>FESTES LOCALS DE:<\/h3>\n<h4>Prov\u00edncia de Barcelona:<\/h4>\n<ul>\n<li>ARENYS DE MAR. 09 de juliol i 18 d\u2019agost<\/li>\n<li>BADALONA. 12 de maig i 09 de juny<\/li>\n<li>BARCELONA. 09 de juny i 24 de setembre<\/li>\n<li>CENTELLES. 01 setembre i 31 de desembre<\/li>\n<li>EL PRAT DE LLOBREGAT. 09 de juny i 29 de setembre<\/li>\n<li>ESPLUGUES DE LLOBREGAT. 09 de juliol i 22 de setembre<\/li>\n<li>L\u2019HOSPITALET DE LLOBREGAT. 24 i 25 de setembre<\/li>\n<li>MANRESA. 21 de febrer i 01 de setembre<\/li>\n<li>MATAR\u00d3. 09 de juny i 28 de juliol<\/li>\n<li>MONTCADA I REIXAC. 09 de juny i 24 de setembre<\/li>\n<li>SABADELL. 12 de maig i 08 de setembre<\/li>\n<li>SANT ADRI\u00c0 DE BES\u00d3S. 09 de juny i 08 de setembre<\/li>\n<li>SANT ANDREU DE LA BARCA. 09 de juny i 08 de setembre<\/li>\n<li>SANT ANDREU DE LLAVANERES. 21 de juliol i 01 de desembre<\/li>\n<li>SANT BOI DE LLOBREGAT. 20 de maig i 09 de juny<\/li>\n<li>SANT CUGAT DEL VALL\u00c8S. 03 de mar\u00e7 i 09 de juny<\/li>\n<li>SANT FELIU DE CODINES. 17 de gener i 19 de setembre<\/li>\n<li>SANT FELIU DE LLOBREGAT. 09 de juny i 10 d\u2019octubre<\/li>\n<li>SANT QUIRZE DEL VALL\u00c8S. 13 de maig i 02 de setembre<\/li>\n<li>SANTA COLOMA DE GRAMANET. 09 de juny i 24 de setembre<\/li>\n<li>TERRASSA. 17 d\u2019ABRIL i 07 de juliol<\/li>\n<li>TIANA. 13 de juny i 16 de setembre<\/li>\n<li>VILADECANS. 09 de juny i 08 de setembre<\/li>\n<li>VILAFRANCA DEL PENED\u00c8S. 30 d\u2019agost i 01 de setembre<\/li>\n<li>VILANOVA DEL VALL\u00c8S. 09 de juny i 25 d\u2019agost<\/li>\n<li>VILANOVA I LA GELTR\u00da. 17 de gener i 05 d\u2019agost<\/li>\n<li>VILASSAR DE MAR. 25 de juny i 17 de novembre<\/li>\n<\/ul>\n<h4>Prov\u00edncia de Girona:<\/h4>\n<ul>\n<li>BLANES. 22 d\u2019abril i 26 de juliol<\/li>\n<li>FIGUERES. 03 de maig i 26 de juny<\/li>\n<li>GIRONA. 25 de juliol i 29 d\u2019octubre<\/li>\n<li>LLORET DE MAR. 24 de juliol i 18 de novembre<\/li>\n<li>SANTA PAU. 13 i 14 d\u2019agost<\/li>\n<\/ul>\n<h4>Prov\u00edncia de Tarragona:<\/h4>\n<ul>\n<li>AMPOSTA. 19 de maig i 05 de desembre<\/li>\n<li>REUS. 30 de juny i 25 de setembre<\/li>\n<li>TARRAGONA. 19 d\u2019agost i 23 de setembre<\/li>\n<li>TORTOSA. 09 de juny i 08 de setembre<\/li>\n<\/ul>\n<h4>Prov\u00edncia de Lleida:<\/h4>\n<ul>\n<li>BALAGUER. 09 de juny i 10 de novembre<\/li>\n<li>LLEIDA. 11 de maig i 29 de setembre<\/li>\n<li>MOLLERUSSA. 19 de mar\u00e7 i 16 de maig<\/li>\n<li>T\u00c0RREGA. 14 de maig i 12 de setembre<\/li>\n<li>PONTS: 04 de mar\u00e7 i 12 de setembre<\/li>\n<\/ul>\n<h4>Prov\u00edncia de Castell\u00f3:<\/h4>\n<ul>\n<li>CASTELL\u00d3 DE LA PLANA. 22 de mar\u00e7<\/li>\n<li>VILA-REAL. 17 de maig i 26 de desembre<\/li>\n<li>Prov\u00edncia de Logro\u00f1o:<\/li>\n<li>LOGRO\u00d1O. 11 de junio y 22 de septiembre<\/li>\n<\/ul>\n<h4>Prov\u00edncia de Madrid:<\/h4>\n<ul>\n<li>MADRID. 15 de mayo y 10 de novembre<\/li>\n<\/ul>\n<p>FONTS: <a href=\"https:\/\/treball.gencat.cat\/ca\/ambits\/relacions_laborals\/ci\/calendari_laboral\/festes_generals_locals_Cat\/\" target=\"_blank\" rel=\"noopener\">https:\/\/treball.gencat.cat\/ca\/ambits\/relacions_laborals\/ci\/calendari_laboral\/festes_generals_locals_Cat\/<\/a><\/p>\n<p>&nbsp;<\/p>\n","protected":false},"excerpt":{"rendered":"<p>Ha estat publicat al BOE, aix\u00ed com als respectius Diaris Oficials de les Comunitats Aut\u00f2nomes, el calendari de les festes laborals estatals, auton\u00f2miques i locals corresponents a l&#8217;any 2025. A continuaci\u00f3, adjuntem una relaci\u00f3 dels dies festius d&#8217;algunes localitats que podrien ser del seu inter\u00e8s. Els recordem la obligatorietat de l&#8217;elaboraci\u00f3 del calendari laboral, que [&hellip;]<\/p>\n","protected":false},"author":4,"featured_media":3665,"comment_status":"open","ping_status":"open","sticky":false,"template":"","format":"standard","meta":{"_acf_changed":false,"footnotes":""},"categories":[1],"tags":[],"class_list":["post-3664","post","type-post","status-publish","format-standard","has-post-thumbnail","hentry","category-general"],"acf":[],"_links":{"self":[{"href":"https:\/\/www.gco.es\/ca\/wp-json\/wp\/v2\/posts\/3664","targetHints":{"allow":["GET"]}}],"collection":[{"href":"https:\/\/www.gco.es\/ca\/wp-json\/wp\/v2\/posts"}],"about":[{"href":"https:\/\/www.gco.es\/ca\/wp-json\/wp\/v2\/types\/post"}],"author":[{"embeddable":true,"href":"https:\/\/www.gco.es\/ca\/wp-json\/wp\/v2\/users\/4"}],"replies":[{"embeddable":true,"href":"https:\/\/www.gco.es\/ca\/wp-json\/wp\/v2\/comments?post=3664"}],"version-history":[{"count":1,"href":"https:\/\/www.gco.es\/ca\/wp-json\/wp\/v2\/posts\/3664\/revisions"}],"predecessor-version":[{"id":3668,"href":"https:\/\/www.gco.es\/ca\/wp-json\/wp\/v2\/posts\/3664\/revisions\/3668"}],"wp:featuredmedia":[{"embeddable":true,"href":"https:\/\/www.gco.es\/ca\/wp-json\/wp\/v2\/media\/3665"}],"wp:attachment":[{"href":"https:\/\/www.gco.es\/ca\/wp-json\/wp\/v2\/media?parent=3664"}],"wp:term":[{"taxonomy":"category","embeddable":true,"href":"https:\/\/www.gco.es\/ca\/wp-json\/wp\/v2\/categories?post=3664"},{"taxonomy":"post_tag","embeddable":true,"href":"https:\/\/www.gco.es\/ca\/wp-json\/wp\/v2\/tags?post=3664"}],"curies":[{"name":"wp","href":"https:\/\/api.w.org\/{rel}","templated":true}]}}